{"id":449,"date":"2017-01-11T23:14:52","date_gmt":"2017-01-11T22:14:52","guid":{"rendered":"http:\/\/lernraum.qualifizierung.com\/?p=449"},"modified":"2018-01-10T10:17:58","modified_gmt":"2018-01-10T09:17:58","slug":"kostenloses-webinar-zu-lernthemen-2","status":"publish","type":"post","link":"https:\/\/lernraum.qualifizierung.com\/?p=449","title":{"rendered":"Kostenloses Webinar zu Lernthemen"},"content":{"rendered":"<p><span style=\"font-size: 12pt;\">Ein Webinar ist eine Mischung aus Seminar und Web &#8211; ein Seminar im Internet also. Das hei\u00dft, Sie k\u00f6nnen an einem Webinar ganz bequem von daheim aus teil nehmen. Kostenlos ist es dazu auch noch!<\/span><\/p>\n<blockquote><p><span style=\"font-size: 12pt;\">Mein <a href=\"https:\/\/lernraum.qualifizierung.com\/?page_id=106\" target=\"_blank\" rel=\"noopener\">n\u00e4chstes Webinar<\/a> findet in Zusammenarbeit mit dem <a href=\"http:\/\/www.levv.at\/\" target=\"_blank\" rel=\"noopener\">Landeselternb\u00fcro Vorarlberg<\/a> <strong>am 25. J\u00e4nner 2017, 20.00 Uhr<\/strong> statt.<\/span><br \/>\n<span style=\"font-size: 12pt;\"> Es wird dabei vor allem um den Themenkreis &#8222;Lernst\u00f6rungen und Lernprobleme&#8220; gehen.<\/span><\/p><\/blockquote>\n<p><span style=\"font-size: 12pt;\">Ich werde ins Thema einf\u00fchren und stehe dann f\u00fcr Fragen zur Verf\u00fcgung. Alle Interessierten sind herzlich eingeladen!<\/span><\/p>\n<p><span style=\"font-size: 12pt;\">N\u00e4here Informationen und Anmeldung\u00a0 <a href=\"https:\/\/lernraum.qualifizierung.com\/?page_id=106\" target=\"_blank\" rel=\"noopener\">hier\u00a0<\/a>\u00a0 oder gerne <a href=\"https:\/\/lernraum.qualifizierung.com\/?page_id=50\" target=\"_blank\" rel=\"noopener\">per Mail oder telefonisch <\/a>bei mir.<\/span><\/p>\n<p><span style=\"font-size: 12pt;\">Ich freue mich auf ein interessantes Webinar und einen regen Austausch!<\/span><\/p>\n","protected":false},"excerpt":{"rendered":"<p>Ein Webinar ist eine Mischung aus Seminar und Web &#8211; ein Seminar im Internet also. Das hei\u00dft, Sie k\u00f6nnen an einem Webinar ganz bequem von daheim aus teil nehmen. Kostenlos ist es dazu auch noch! Mein n\u00e4chstes Webinar findet in Zusammenarbeit mit dem Landeselternb\u00fcro Vorarlberg am 25. J\u00e4nner 2017, 20.00 Uhr statt. Es wird dabei [&hellip;]<\/p>\n","protected":false},"author":1,"featured_media":451,"comment_status":"open","ping_status":"closed","sticky":false,"template":"","format":"standard","meta":{"jetpack_post_was_ever_published":false,"_jetpack_newsletter_access":"","_jetpack_dont_email_post_to_subs":true,"_jetpack_newsletter_tier_id":0,"_jetpack_memberships_contains_paywalled_content":false,"_jetpack_memberships_contains_paid_content":false,"footnotes":"","jetpack_publicize_message":"","jetpack_publicize_feature_enabled":true,"jetpack_social_post_already_shared":true,"jetpack_social_options":{"image_generator_settings":{"template":"highway","default_image_id":0,"font":"","enabled":false},"version":2}},"categories":[7],"tags":[53,21,13,67,122,123,12,64,54,36,20,52,66,104,69,70,65,68,26,19,105,51],"class_list":["post-449","post","type-post","status-publish","format-standard","has-post-thumbnail","hentry","category-neues-und-interessantes","tag-austausch","tag-dyskalkulie","tag-erfahrung","tag-familie","tag-feldkirch","tag-fraxern","tag-freude","tag-hilfe","tag-information","tag-kornelia-maier-haefele","tag-legasthenie","tag-lernstoerungen","tag-lese-rechtschreibstoerung","tag-montafon","tag-motivation","tag-problem","tag-selbstbewusstsein","tag-stress","tag-therapie","tag-vorarlberg","tag-vorderland","tag-webinar"],"jetpack_publicize_connections":[],"jetpack_featured_media_url":"https:\/\/i0.wp.com\/lernraum.qualifizierung.com\/wp-content\/uploads\/2017\/01\/Jeder-ist-ein-Genie_2.jpg?fit=315%2C200&ssl=1","jetpack_sharing_enabled":true,"jetpack_shortlink":"https:\/\/wp.me\/p7RzEY-7f","jetpack-related-posts":[],"_links":{"self":[{"href":"https:\/\/lernraum.qualifizierung.com\/index.php?rest_route=\/wp\/v2\/posts\/449","targetHints":{"allow":["GET"]}}],"collection":[{"href":"https:\/\/lernraum.qualifizierung.com\/index.php?rest_route=\/wp\/v2\/posts"}],"about":[{"href":"https:\/\/lernraum.qualifizierung.com\/index.php?rest_route=\/wp\/v2\/types\/post"}],"author":[{"embeddable":true,"href":"https:\/\/lernraum.qualifizierung.com\/index.php?rest_route=\/wp\/v2\/users\/1"}],"replies":[{"embeddable":true,"href":"https:\/\/lernraum.qualifizierung.com\/index.php?rest_route=%2Fwp%2Fv2%2Fcomments&post=449"}],"version-history":[{"count":3,"href":"https:\/\/lernraum.qualifizierung.com\/index.php?rest_route=\/wp\/v2\/posts\/449\/revisions"}],"predecessor-version":[{"id":974,"href":"https:\/\/lernraum.qualifizierung.com\/index.php?rest_route=\/wp\/v2\/posts\/449\/revisions\/974"}],"wp:featuredmedia":[{"embeddable":true,"href":"https:\/\/lernraum.qualifizierung.com\/index.php?rest_route=\/wp\/v2\/media\/451"}],"wp:attachment":[{"href":"https:\/\/lernraum.qualifizierung.com\/index.php?rest_route=%2Fwp%2Fv2%2Fmedia&parent=449"}],"wp:term":[{"taxonomy":"category","embeddable":true,"href":"https:\/\/lernraum.qualifizierung.com\/index.php?rest_route=%2Fwp%2Fv2%2Fcategories&post=449"},{"taxonomy":"post_tag","embeddable":true,"href":"https:\/\/lernraum.qualifizierung.com\/index.php?rest_route=%2Fwp%2Fv2%2Ftags&post=449"}],"curies":[{"name":"wp","href":"https:\/\/api.w.org\/{rel}","templated":true}]}}